{"id":879,"date":"2017-03-15T19:04:00","date_gmt":"2017-03-15T18:04:00","guid":{"rendered":"http:\/\/florentdeloison.fr\/blog\/?p=879"},"modified":"2017-03-15T19:04:00","modified_gmt":"2017-03-15T18:04:00","slug":"911-loop-2","status":"publish","type":"post","link":"http:\/\/florentdeloison.fr\/blog\/2017\/03\/15\/911-loop-2\/","title":{"rendered":"9\/11 loop"},"content":{"rendered":"<p>&nbsp;<\/p>\n<p><b>9\/11 loop <\/b>est un <a href=\"http:\/\/florentdeloison.fr\/blog\/2009\/03\/12\/911-loop\/\">vieux projet datant de 2009<\/a> que j\u2019ai remis en route. Il s\u2019agit d\u2019un bot Twitter qui diffuse les d\u00e9p\u00eaches \u00e9mises par l\u2019AFP le 11 septembre 2001, en temps r\u00e9el \u00ab\u00a0d\u00e9cal\u00e9\u00a0\u00bb (c\u2019est \u00e0 dire \u00e0 l\u2019heure exacte \u00e0 laquelle elles avaient \u00e9t\u00e9 publi\u00e9es).<\/p>\n<p><a href=\"https:\/\/twitter.com\/911loop\" target=\"_blank\"><img loading=\"lazy\" class=\"aligncenter wp-image-889\" src=\"http:\/\/florentdeloison.fr\/blog\/wp-content\/uploads\/2017\/03\/bouton2-300x77.png\" alt=\"\" width=\"148\" height=\"38\" srcset=\"http:\/\/florentdeloison.fr\/blog\/wp-content\/uploads\/2017\/03\/bouton2-300x77.png 300w, http:\/\/florentdeloison.fr\/blog\/wp-content\/uploads\/2017\/03\/bouton2.png 302w\" sizes=\"(max-width: 148px) 100vw, 148px\" \/><\/a><\/p>\n<p>&nbsp;<\/p>\n<p><a href=\"http:\/\/florentdeloison.fr\/blog\/wp-content\/uploads\/2017\/03\/911_1.jpg\"><img loading=\"lazy\" class=\"aligncenter size-full wp-image-880\" src=\"http:\/\/florentdeloison.fr\/blog\/wp-content\/uploads\/2017\/03\/911_1.jpg\" alt=\"\" width=\"800\" height=\"839\" srcset=\"http:\/\/florentdeloison.fr\/blog\/wp-content\/uploads\/2017\/03\/911_1.jpg 800w, http:\/\/florentdeloison.fr\/blog\/wp-content\/uploads\/2017\/03\/911_1-286x300.jpg 286w, http:\/\/florentdeloison.fr\/blog\/wp-content\/uploads\/2017\/03\/911_1-768x805.jpg 768w, http:\/\/florentdeloison.fr\/blog\/wp-content\/uploads\/2017\/03\/911_1-624x654.jpg 624w\" sizes=\"(max-width: 800px) 100vw, 800px\" \/><\/a><\/p>\n<p>C\u2019est un mardi de Septembre banal. J\u2019ai 17 ans, je vais bient\u00f4t commencer mes \u00e9tudes sup\u00e9rieures, mais pour l\u2019heure je suis encore en vacances. J\u2019allume la t\u00e9l\u00e9 pour jouer \u00e0 Final Fantasy IX sur Playstation. TF1 (la t\u00e9l\u00e9 s\u2019allumait toujours sur la premi\u00e8re chaine), volutes de fum\u00e9e recouvrant la ville comme \u00e0 la fin d\u2019<a href=\"https:\/\/www.youtube.com\/watch?v=MyRA1Db2OjQ\">Akira<\/a>, moment d\u2019incr\u00e9dulit\u00e9. Pour ajouter \u00e0 l\u2019incongruit\u00e9 de l\u2019ensemble, un extrait de Star Wars est diffus\u00e9 \u00e0 l\u2019antenne par erreur\u2026 Et puis il y a ces images, obs\u00e9dantes, en boucle, des avions filant vers le les tours, image qui perdra un peu plus de sa r\u00e9alit\u00e9 \u00e0 chacune de ses r\u00e9p\u00e9titions.<\/p>\n<p>R\u00e9p\u00e9tition de l\u2019image, mais \u00e9galement de ce sentiment de d\u00e9j\u00e0-vu, par les r\u00e9f\u00e9rences \u00e0 la fiction ou \u00e0 l\u2019Histoire que l\u2019on va tr\u00e8s vite associer \u00e0 cet \u00e9v\u00e8nement. (j\u2019ai d\u2019ailleurs toujours pour vague projet de compiler toutes les reconstitutions en 3d du World Trade Center au cin\u00e9ma).<\/p>\n<p><i>Le r\u00f4le de l&rsquo;image est hautement ambigu. Car en m\u00eame temps qu&rsquo;elle exalte l&rsquo;\u00e9v\u00e9nement, elle le prend en otage. Elle joue comme multiplication \u00e0 l&rsquo;infini, et en m\u00eame temps comme diversion et neutralisation. [&#8230;]\u00a0<\/i><i>Qu&rsquo;en est-il alors de l&rsquo;\u00e9v\u00e9nement r\u00e9el, si partout l&rsquo;image, la fiction, le virtuel perfusent dans la r\u00e9alit\u00e9 ? \u00a0<\/i><br \/>\n( Jean Baudrillard dans <a href=\"http:\/\/www.lemonde.fr\/disparitions\/article\/2007\/03\/06\/l-esprit-du-terrorisme-par-jean-baudrillard_879920_3382.html\">L\u2019esprit du terrorisme<\/a>, texte brillant publi\u00e9 quelques semaines apr\u00e8s les attentats. )<\/p>\n<p>Dans Diff\u00e9rence et r\u00e9p\u00e9tition, Deleuze cite Hume pour \u00e9tayer sa th\u00e8se\u00a0: <i>L<\/i><i>a r\u00e9p\u00e9tition ne change rien dans l\u2019objet qui se r\u00e9p\u00e8te, mais elle change quelque chose dans l\u2019esprit qui la contemple. <\/i><\/p>\n<p>Peut-\u00eatre que r\u00e9p\u00e9ter un \u00e9v\u00e8nement consciencieusement, sa narration par les m\u00e9dias, aux limites de la simulation comme dans 9\/11 loop, est une fa\u00e7on de se r\u00e9-approprier l\u2019inconcevable&#8230;<\/p>\n<p>Pour moi qui avait longtemps biberonn\u00e9 \u00e0 la SF pessimiste et au post-apo, c\u2019\u00e9tait de le d\u00e9but de la troisi\u00e8me guerre mondiale. On allait tous \u00eatre enr\u00f4l\u00e9s de force pour combattre dans une guerre absurde, entass\u00e9s dans une caserne semblable \u00e0 celle \u00e0 c\u00f4t\u00e9 de mon lyc\u00e9e\u00a0. Je ne finirais jamais Final Fantasy IX et je ne commencerais jamais mes \u00e9tudes. Et les th\u00e9oriciens de la \u00ab\u00a0fin de l\u2019Histoire\u00a0\u00bb s\u2019\u00e9taient d\u00e9cid\u00e9ment bien plant\u00e9s\u2026<\/p>\n<p>Evidemment, ce ne fut pas la fin du monde, mais un glissement subtil et sournois dans une nouvelle \u00e8re. Je suis rest\u00e9 longtemps marqu\u00e9 par cet \u00e9v\u00e8nement \u00e0 la dramaturgie parfaite, r\u00e9unissant l\u2019unit\u00e9 de temps, de lieu et d\u2019action, tout comme je suis fascin\u00e9 par cet <a href=\"https:\/\/www.youtube.com\/watch?v=ACUnXM5swn0\">instant de basculement<\/a> \u00e0 la t\u00e9l\u00e9vision entre les programmes aseptis\u00e9s, et la r\u00e9alit\u00e9 brutale.<\/p>\n<p>Par ailleurs, j\u2019aime beaucoup l\u2019id\u00e9e, dans les histoires paranormales et autres l\u00e9gendes urbaines qu\u2019un \u00e9v\u00e8nement marquant, traumatisant, laisserait une trace, et serait condamn\u00e9 \u00e0 \u00eatre r\u00e9p\u00e9t\u00e9 sous forme d\u2019\u00e9cho, ou d&rsquo;apparition brumeuse. Je me demande si mon int\u00e9r\u00eat pour la boucle, la r\u00e9p\u00e9tition du temps et que j\u2019ai explor\u00e9 dans <a href=\"http:\/\/florentdeloison.fr\/projets\/annee_derniere.html\">d\u2019autres projets<\/a> n\u2019est pas n\u00e9 devant ce funeste \u00e9v\u00e8nement\u00a0?<\/p>\n","protected":false},"excerpt":{"rendered":"<p>&nbsp; 9\/11 loop est un vieux projet datant de 2009 que j\u2019ai remis en route. Il s\u2019agit d\u2019un bot Twitter qui diffuse les d\u00e9p\u00eaches \u00e9mises par l\u2019AFP le 11 septembre 2001, en temps r\u00e9el \u00ab\u00a0d\u00e9cal\u00e9\u00a0\u00bb (c\u2019est \u00e0 dire \u00e0 l\u2019heure exacte \u00e0 laquelle elles avaient \u00e9t\u00e9 publi\u00e9es). &nbsp; C\u2019est un mardi de Septembre banal. J\u2019ai [&hellip;]<\/p>\n","protected":false},"author":1,"featured_media":0,"comment_status":"open","ping_status":"open","sticky":false,"template":"","format":"standard","meta":{"jetpack_publicize_message":"","jetpack_is_tweetstorm":false,"jetpack_publicize_feature_enabled":true},"categories":[13,7,39,40],"tags":[],"jetpack_featured_media_url":"","_links":{"self":[{"href":"http:\/\/florentdeloison.fr\/blog\/wp-json\/wp\/v2\/posts\/879"}],"collection":[{"href":"http:\/\/florentdeloison.fr\/blog\/wp-json\/wp\/v2\/posts"}],"about":[{"href":"http:\/\/florentdeloison.fr\/blog\/wp-json\/wp\/v2\/types\/post"}],"author":[{"embeddable":true,"href":"http:\/\/florentdeloison.fr\/blog\/wp-json\/wp\/v2\/users\/1"}],"replies":[{"embeddable":true,"href":"http:\/\/florentdeloison.fr\/blog\/wp-json\/wp\/v2\/comments?post=879"}],"version-history":[{"count":8,"href":"http:\/\/florentdeloison.fr\/blog\/wp-json\/wp\/v2\/posts\/879\/revisions"}],"predecessor-version":[{"id":891,"href":"http:\/\/florentdeloison.fr\/blog\/wp-json\/wp\/v2\/posts\/879\/revisions\/891"}],"wp:attachment":[{"href":"http:\/\/florentdeloison.fr\/blog\/wp-json\/wp\/v2\/media?parent=879"}],"wp:term":[{"taxonomy":"category","embeddable":true,"href":"http:\/\/florentdeloison.fr\/blog\/wp-json\/wp\/v2\/categories?post=879"},{"taxonomy":"post_tag","embeddable":true,"href":"http:\/\/florentdeloison.fr\/blog\/wp-json\/wp\/v2\/tags?post=879"}],"curies":[{"name":"wp","href":"https:\/\/api.w.org\/{rel}","templated":true}]}}